{"id":17,"date":"2024-03-21T08:09:21","date_gmt":"2024-03-21T08:09:21","guid":{"rendered":"https:\/\/somdelaterra.cat\/?p=17"},"modified":"2024-03-22T13:52:57","modified_gmt":"2024-03-22T13:52:57","slug":"terra-fertil-la-nostra-energi","status":"publish","type":"post","link":"https:\/\/somdelaterra.cat\/?p=17","title":{"rendered":"TERRA F\u00c8RTIL, LA NOSTRA ENERGIA"},"content":{"rendered":"<p>Des del segle passat, el creixement urb\u00e0 i l&#8217;auge de l\u2019agricultura industrial han anat acorralant a la petita pagesia i al m\u00f3n rural, empenyent-nos cap a l\u2019abisme. Aquesta realitat que veiem a casa nostra tamb\u00e9 es replica l\u2019espoli dels pa\u00efsos del Sud global, aix\u00ed com\u00a0 en la degradaci\u00f3 accelerada dels ecosistemes naturals i en la p\u00e8rdua de biodiversitat. A m\u00e9s, el sistema alimentari actual, basat en productes ultraprocessats nocius per la salut i en mans de grans empreses controlades per fons d&#8217;inversi\u00f3, aixeca\u00a0 un mur entre la pagesia i la ciutadania.<\/p>\n<p><b>Per\u00f2 la terra resisteix i la pagesia amb ella<\/b><\/p>\n<p>&nbsp;<\/p>\n<p><a href=\"https:\/\/somdelaterra.cat\/?page_id=30\">LLEGIU EL MANIFEST COMPLET<\/a><\/p>\n<p>&nbsp;<\/p>\n","protected":false},"excerpt":{"rendered":"<p>Des del segle passat, el creixement urb\u00e0 i l&#8217;auge de [&hellip;]<\/p>\n","protected":false},"author":1,"featured_media":0,"comment_status":"open","ping_status":"open","sticky":false,"template":"","format":"standard","meta":{"footnotes":""},"categories":[1],"tags":[],"class_list":["post-17","post","type-post","status-publish","format-standard","hentry","category-uncategorized"],"_links":{"self":[{"href":"https:\/\/somdelaterra.cat\/index.php?rest_route=\/wp\/v2\/posts\/17","targetHints":{"allow":["GET"]}}],"collection":[{"href":"https:\/\/somdelaterra.cat\/index.php?rest_route=\/wp\/v2\/posts"}],"about":[{"href":"https:\/\/somdelaterra.cat\/index.php?rest_route=\/wp\/v2\/types\/post"}],"author":[{"embeddable":true,"href":"https:\/\/somdelaterra.cat\/index.php?rest_route=\/wp\/v2\/users\/1"}],"replies":[{"embeddable":true,"href":"https:\/\/somdelaterra.cat\/index.php?rest_route=%2Fwp%2Fv2%2Fcomments&post=17"}],"version-history":[{"count":18,"href":"https:\/\/somdelaterra.cat\/index.php?rest_route=\/wp\/v2\/posts\/17\/revisions"}],"predecessor-version":[{"id":19,"href":"https:\/\/somdelaterra.cat\/index.php?rest_route=\/wp\/v2\/posts\/17\/revisions\/19"}],"wp:attachment":[{"href":"https:\/\/somdelaterra.cat\/index.php?rest_route=%2Fwp%2Fv2%2Fmedia&parent=17"}],"wp:term":[{"taxonomy":"category","embeddable":true,"href":"https:\/\/somdelaterra.cat\/index.php?rest_route=%2Fwp%2Fv2%2Fcategories&post=17"},{"taxonomy":"post_tag","embeddable":true,"href":"https:\/\/somdelaterra.cat\/index.php?rest_route=%2Fwp%2Fv2%2Ftags&post=17"}],"curies":[{"name":"wp","href":"https:\/\/api.w.org\/{rel}","templated":true}]}}